{"id":6699,"date":"2015-10-07T10:44:38","date_gmt":"2015-10-07T10:44:38","guid":{"rendered":"https:\/\/kasperskydaily.com\/italy\/?p=6699"},"modified":"2019-11-22T11:27:57","modified_gmt":"2019-11-22T09:27:57","slug":"amazing-adventures-of-personal-data-in-europe","status":"publish","type":"post","link":"https:\/\/www.kaspersky.it\/blog\/amazing-adventures-of-personal-data-in-europe\/6699\/","title":{"rendered":"Le meravigliose avventure dei dati personali alla Corte di Giustizia UE"},"content":{"rendered":"<p>Ieri la Corte di Giustizia dell\u2019Unione Europea ha dichiarato l\u2019accordo Safe Harbor come non valido, accordo che consente alle compagnie statunitensi d\u2019immagazzinare e spostare i dati personali degli utenti europei negli USA se garantito un \u201clivello accettabile\u201d di privacy. Si tratta di una buona e di una cattiva notizia allo stesso tempo.<\/p>\n<p>La buona notizia: questa decisione \u00e8 sintomo di quanto gli utenti si preoccupino della propria privacy. Viene cos\u00ec riconosciuto l\u2019effettivo valore dei dati personali. Inoltre, molti utenti sono pronti a rivolgersi ai pi\u00f9 alti gradi di giustizia per difendere i propri diritti circa la gestione dei dati personali. Ci troviamo nell\u2019era post-Snowden, la cosa non dovrebbe sorprenderci: i servizi d\u2019intelligence violano costantemente la privacy delle persone e ora \u00e8 pi\u00f9 evidente che mai. In generale, il livello di protezione garantito arriva solamente alla sufficienza.<\/p>\n<blockquote class=\"twitter-tweet\" data-width=\"500\" data-dnt=\"true\">\n<p lang=\"en\" dir=\"ltr\">GCHQ mass internet surveillance was unlawful, rules court <a href=\"http:\/\/t.co\/xkdtbVZrPt\" target=\"_blank\" rel=\"noopener nofollow\">http:\/\/t.co\/xkdtbVZrPt<\/a><\/p>\n<p>\u2014 The Guardian (@guardian) <a href=\"https:\/\/twitter.com\/guardian\/status\/563641564317351936?ref_src=twsrc%5Etfw\" target=\"_blank\" rel=\"noopener nofollow\">February 6, 2015<\/a><\/p><\/blockquote>\n<p><script async src=\"https:\/\/platform.twitter.com\/widgets.js\" charset=\"utf-8\"><\/script><\/p>\n<p>Detto tutto questo, la decisione della Corte Europea non \u00e8 sancisce una conclusione, anzi, \u00e8 solo l\u2019inizio. Le autorit\u00e0 irlandesi (il caso \u00e8 stato portato in Irlanda in quanto la sede europea di Facebook si trova a Dublino) devono ora decidere se sospendere il trasferimento dei dati degli utenti europei di Facebook negli Stati Uniti in quanto non viene garantito un livello adeguato di protezione dei dati personali.<\/p>\n<p>Va sottolineato che quello alla Corte di Giustizia dell\u2019Unione Europea costituisce l\u2019ultimo grado di giudizio e non possono essere inoltrati nuovi ricorsi.<\/p>\n<blockquote class=\"twitter-tweet\" data-width=\"500\" data-dnt=\"true\">\n<p lang=\"en\" dir=\"ltr\">No Safe Harbor: How NSA surveillance undermined U.S. tech and Europeans' privacy <a href=\"https:\/\/t.co\/VZJcYuJuq1\" target=\"_blank\" rel=\"noopener nofollow\">https:\/\/t.co\/VZJcYuJuq1<\/a><\/p>\n<p>\u2014 EFF (@EFF) <a href=\"https:\/\/twitter.com\/EFF\/status\/651325001912614913?ref_src=twsrc%5Etfw\" target=\"_blank\" rel=\"noopener nofollow\">October 6, 2015<\/a><\/p><\/blockquote>\n<p><script async src=\"https:\/\/platform.twitter.com\/widgets.js\" charset=\"utf-8\"><\/script><\/p>\n<p>Non si tratta del primo passo che l\u2019Unione Europea compie verso la privacy dei dati. A febbraio di quest\u2019anno, la Federazione Russa ha approvato una legge grazie alla quale, a partire dal primo settembre 2015 i dati personali dei cittadini russi devono essere immagazzinati solo all\u2019interno del paese. A differenza di quanto accade nell\u2019Unione Europea, non c\u2019\u00e8 bisogno di una sentenza specifica poich\u00e9 la Russia non ha stipulato accordi simili al Safe Harbor con gli Stati Uniti.<\/p>\n<p>Come accade spesso per questo tipo di leggi, la scadenza \u00e8 stata posticipata a gennaio 2016 per dare il tempo alle aziende attive in Russia di spostare i dati degli utenti. Alcune compagnie, come Facebook, probabilmente ignoreranno questa nuova legge e preferiranno pagare delle multe (che non sono cos\u00ec esagerate) invece di costruire nuovi e costosi data center locali.<\/p>\n<blockquote class=\"twitter-tweet\" data-width=\"500\" data-dnt=\"true\">\n<p lang=\"en\" dir=\"ltr\">Apple reportedly takes up Moscow datacentre to comply with Russia's personal data law <a href=\"http:\/\/t.co\/h912eKR2WE\" target=\"_blank\" rel=\"noopener nofollow\">http:\/\/t.co\/h912eKR2WE<\/a> by <a href=\"https:\/\/twitter.com\/LiamT?ref_src=twsrc%5Etfw\" target=\"_blank\" rel=\"noopener nofollow\">@LiamT<\/a><\/p>\n<p>\u2014 ZDNET (@ZDNET) <a href=\"https:\/\/twitter.com\/ZDNET\/status\/642309968947888128?ref_src=twsrc%5Etfw\" target=\"_blank\" rel=\"noopener nofollow\">September 11, 2015<\/a><\/p><\/blockquote>\n<p><script async src=\"https:\/\/platform.twitter.com\/widgets.js\" charset=\"utf-8\"><\/script><\/p>\n<p>Il problema \u00e8 che spesso non si pensa che la gestione dei dati sia qualcosa d\u2019importante. Ci preoccupiamo di dove sia pi\u00f9 sicuro parcheggiare la nostra auto, invece i dati per loro natura non sono qualcosa di concreto. Inoltre, vi si pu\u00f2 ottenere l\u2019accesso, si possono copiare e trasferire facilmente. Si che invece \u00e8 difficile controllare dove vada a finire il flusso di dati.<\/p>\n<p>Le grandi compagnie come Google, Facebook, VISA, Mastercard ecc che posseggono decine di data center in tutti il mondo non si preoccupano tanto di dove siano immagazzinati i dati degli utenti. Stiamo parlando di Internet, tutto \u00e8 a portata di mano in questione di millisecondi, a chi interessa in quale paese si trovino questi dati?<\/p>\n<blockquote class=\"twitter-tweet\" data-width=\"500\" data-dnt=\"true\">\n<p lang=\"en\" dir=\"ltr\">Europe's highest court just rejected the 'safe harbor' agreement used by American tech companies <a href=\"http:\/\/t.co\/oErg4tS3Cy\" target=\"_blank\" rel=\"noopener nofollow\">http:\/\/t.co\/oErg4tS3Cy<\/a><\/p>\n<p>\u2014 Business Insider (@BusinessInsider) <a href=\"https:\/\/twitter.com\/BusinessInsider\/status\/651306821462966272?ref_src=twsrc%5Etfw\" target=\"_blank\" rel=\"noopener nofollow\">October 6, 2015<\/a><\/p><\/blockquote>\n<p><script async src=\"https:\/\/platform.twitter.com\/widgets.js\" charset=\"utf-8\"><\/script><\/p>\n<p>Ci vorr\u00e0 del tempo prima che queste aziende setaccino i dati e stabiliscano quali vadano immagazzinati in un data center piuttosto che un altro. La cattiva notizia, quindi, \u00e8 che si sta gestendo la situazione utilizzando metodi tradizionali, come se stessimo parlando di oggetti fisici e non di dati. Si stanno costruendo muri nel mondo virtuale, un mondo che dovrebbe essere invece senza confini.<\/p>\n<p>Un approccio di questo tipo non porta da nessuna parte. Le compagnie IT cercheranno di compiacere questo o quel governo a seconda delle esigenze. Inizieranno con l\u2019Unione Europea e con Russia. Poi anche altri paesi vorranno dire la loro e tormenteranno le compagnie IT. Che inizi lo spettacolo.<\/p>\n<blockquote class=\"twitter-pullquote\"><p>Come influir\u00e0 la decisione della #UE sulla gestione dei nostri #dati?\u00a0<\/p><a href=\"https:\/\/twitter.com\/share?url=https%3A%2F%2Fkas.pr%2FZit5&amp;text=Come+influir%C3%A0+la+decisione+della+%23UE+sulla+gestione+dei+nostri+%23dati%3F%C2%A0+\" class=\"btn btn-twhite\" data-lang=\"en\" data-count=\"0\" target=\"_blank\" rel=\"noopener nofollow\">Tweet<\/a><\/blockquote>\n<p>Ritorniamo all\u2019analogia dell\u2019automobile. Il problema non \u00e8 dove sia parcheggiata. Le domande da porsi sono: Il sistema di chiusura delle portiere \u00e8 sicuro? Rubare un\u2019auto \u00e8 legale oppure no? Come viene punito il ladro? E la domanda forse pi\u00f9 importante di tutte: perch\u00e9 tutti sono in possesso delle chiavi dell MIO veicolo?<\/p>\n","protected":false},"excerpt":{"rendered":"<p>Ieri la Corte di Giustizia dell\u2019Unione Europea ha dichiarato non valido l\u2019accordo Safe Harbor: come influisce questa notizia sui nostri dati personali?<\/p>\n","protected":false},"author":421,"featured_media":6701,"comment_status":"open","ping_status":"open","sticky":false,"template":"","format":"standard","meta":{"_acf_changed":false,"footnotes":""},"categories":[12],"tags":[1644,1263,1317,1320,976,111,1645,1643],"class_list":{"0":"post-6699","1":"post","2":"type-post","3":"status-publish","4":"format-standard","5":"has-post-thumbnail","7":"category-news","8":"tag-corte-di-giustizia-dellunione-europea","9":"tag-dati-personali","10":"tag-dati-privati","11":"tag-leggi","12":"tag-nsa","13":"tag-privacy","14":"tag-safe-harbor","15":"tag-ue"},"hreflang":[{"hreflang":"it","url":"https:\/\/www.kaspersky.it\/blog\/amazing-adventures-of-personal-data-in-europe\/6699\/"},{"hreflang":"en-us","url":"https:\/\/usa.kaspersky.com\/blog\/amazing-adventures-of-personal-data-in-europe\/6117\/"},{"hreflang":"en-gb","url":"https:\/\/www.kaspersky.co.uk\/blog\/amazing-adventures-of-personal-data-in-europe\/6311\/"},{"hreflang":"es-mx","url":"https:\/\/latam.kaspersky.com\/blog\/amazing-adventures-of-personal-data-in-europe\/6271\/"},{"hreflang":"es","url":"https:\/\/www.kaspersky.es\/blog\/amazing-adventures-of-personal-data-in-europe\/7006\/"},{"hreflang":"ru","url":"https:\/\/www.kaspersky.ru\/blog\/amazing-adventures-of-personal-data-in-europe\/9241\/"},{"hreflang":"x-default","url":"https:\/\/www.kaspersky.com\/blog\/amazing-adventures-of-personal-data-in-europe\/10152\/"},{"hreflang":"de","url":"https:\/\/www.kaspersky.de\/blog\/amazing-adventures-of-personal-data-in-europe\/6249\/"},{"hreflang":"ja","url":"https:\/\/blog.kaspersky.co.jp\/amazing-adventures-of-personal-data-in-europe\/9143\/"},{"hreflang":"ru-kz","url":"https:\/\/blog.kaspersky.kz\/amazing-adventures-of-personal-data-in-europe\/9241\/"},{"hreflang":"en-au","url":"https:\/\/www.kaspersky.com.au\/blog\/amazing-adventures-of-personal-data-in-europe\/10152\/"},{"hreflang":"en-za","url":"https:\/\/www.kaspersky.co.za\/blog\/amazing-adventures-of-personal-data-in-europe\/10152\/"}],"acf":[],"banners":"","maintag":{"url":"https:\/\/www.kaspersky.it\/blog\/tag\/corte-di-giustizia-dellunione-europea\/","name":"Corte di Giustizia dell\u2019Unione Europea"},"_links":{"self":[{"href":"https:\/\/www.kaspersky.it\/blog\/wp-json\/wp\/v2\/posts\/6699","targetHints":{"allow":["GET"]}}],"collection":[{"href":"https:\/\/www.kaspersky.it\/blog\/wp-json\/wp\/v2\/posts"}],"about":[{"href":"https:\/\/www.kaspersky.it\/blog\/wp-json\/wp\/v2\/types\/post"}],"author":[{"embeddable":true,"href":"https:\/\/www.kaspersky.it\/blog\/wp-json\/wp\/v2\/users\/421"}],"replies":[{"embeddable":true,"href":"https:\/\/www.kaspersky.it\/blog\/wp-json\/wp\/v2\/comments?post=6699"}],"version-history":[{"count":2,"href":"https:\/\/www.kaspersky.it\/blog\/wp-json\/wp\/v2\/posts\/6699\/revisions"}],"predecessor-version":[{"id":18984,"href":"https:\/\/www.kaspersky.it\/blog\/wp-json\/wp\/v2\/posts\/6699\/revisions\/18984"}],"wp:featuredmedia":[{"embeddable":true,"href":"https:\/\/www.kaspersky.it\/blog\/wp-json\/wp\/v2\/media\/6701"}],"wp:attachment":[{"href":"https:\/\/www.kaspersky.it\/blog\/wp-json\/wp\/v2\/media?parent=6699"}],"wp:term":[{"taxonomy":"category","embeddable":true,"href":"https:\/\/www.kaspersky.it\/blog\/wp-json\/wp\/v2\/categories?post=6699"},{"taxonomy":"post_tag","embeddable":true,"href":"https:\/\/www.kaspersky.it\/blog\/wp-json\/wp\/v2\/tags?post=6699"}],"curies":[{"name":"wp","href":"https:\/\/api.w.org\/{rel}","templated":true}]}}